{"id":269,"date":"2026-08-21T10:30:37","date_gmt":"2026-08-21T08:30:37","guid":{"rendered":"https:\/\/www.allovtc72.com\/vtc-sarthe-72-zones-desservies-2\/"},"modified":"2026-08-21T10:30:37","modified_gmt":"2026-08-21T08:30:37","slug":"vtc-sarthe-72-zones-desservies-2","status":"publish","type":"post","link":"https:\/\/www.allovtc72.com\/en\/vtc-sarthe-72-zones-desservies-2\/","title":{"rendered":"Votre VTC en Sarthe (72) : Nos zones d&#8217;intervention d\u00e9taill\u00e9es"},"content":{"rendered":"<p>Se d\u00e9placer en Sarthe, que ce soit pour des raisons professionnelles, personnelles ou touristiques, exige une solution de transport fiable et flexible. Le d\u00e9partement du 72, avec sa m\u00e9tropole Le Mans et ses nombreuses communes rurales, pr\u00e9sente des d\u00e9fis de mobilit\u00e9 uniques. Allo VTC 72 a \u00e9t\u00e9 con\u00e7u pour y r\u00e9pondre en proposant un service de transport avec chauffeur qui couvre l&#8217;ensemble du territoire, alliant ponctualit\u00e9, confort et professionnalisme. Que vous ayez besoin d&#8217;un trajet local, d&#8217;un transfert vers une autre ville ou d&#8217;une mise \u00e0 disposition, d\u00e9couvrez l&#8217;\u00e9tendue de nos zones d&#8217;intervention.<\/p>\n<h2>Le Mans, notre c\u0153ur de service VTC en Sarthe 72<\/h2>\n<p>En tant que principale agglom\u00e9ration du d\u00e9partement, Le Mans concentre une grande partie de nos activit\u00e9s. Notre connaissance approfondie de la ville nous permet d&#8217;assurer des d\u00e9placements fluides et optimis\u00e9s, quelle que soit votre destination. Nous desservons tous les quartiers et points d&#8217;int\u00e9r\u00eat manceaux :<\/p>\n<ul>\n<li><strong>Les p\u00f4les de transport :<\/strong> Nous assurons vos arriv\u00e9es et d\u00e9parts depuis la gare TGV du Mans, en vous garantissant un accueil personnalis\u00e9 pour une transition en toute s\u00e9r\u00e9nit\u00e9.<\/li>\n<li><strong>Le centre-ville et les quartiers d&#8217;affaires :<\/strong> Pour vos rendez-vous professionnels ou vos sorties, nous vous conduisons au c\u0153ur de la ville, vous \u00e9vitant ainsi les contraintes de circulation et de stationnement.<\/li>\n<li><strong>Les sites touristiques et culturels :<\/strong> Visitez la Cit\u00e9 Plantagen\u00eat, le mus\u00e9e des 24 Heures ou l&#8217;Arche de la Nature en toute qui\u00e9tude gr\u00e2ce \u00e0 un service de <a href=\"\/vtc-le-mans\/\">VTC au Mans<\/a> qui s&#8217;adapte \u00e0 votre programme.<\/li>\n<li><strong>Les lieux d&#8217;\u00e9v\u00e9nements :<\/strong> Nous vous transportons vers le circuit des 24 Heures, le MMArena, Antar\u00e8s ou encore le Palais des Congr\u00e8s pour que vous puissiez profiter pleinement de votre spectacle, match ou salon professionnel.<\/li>\n<\/ul>\n<h2>Une couverture \u00e9tendue dans tout le d\u00e9partement de la Sarthe<\/h2>\n<p>Notre service de <strong>VTC en Sarthe 72<\/strong> ne se limite pas \u00e0 la m\u00e9tropole mancelle. Nous sommes fiers de proposer une couverture compl\u00e8te du d\u00e9partement, r\u00e9pondant ainsi aux besoins de mobilit\u00e9 des r\u00e9sidents et des visiteurs des quatre coins de la Sarthe. Que vous habitiez ou deviez vous rendre dans une ville secondaire, nous sommes votre partenaire de confiance.<\/p>\n<p>Parmi les nombreuses communes que nous desservons r\u00e9guli\u00e8rement, on peut citer :<\/p>\n<ul>\n<li><strong>La Fl\u00e8che :<\/strong> Pour une visite au c\u00e9l\u00e8bre Zoo ou pour un rendez-vous professionnel.<\/li>\n<li><strong>Sabl\u00e9-sur-Sarthe :<\/strong> Un p\u00f4le \u00e9conomique important que nous connectons facilement au Mans et aux autres grandes villes.<\/li>\n<li><strong>Allonnes, Coulaines, Arnage :<\/strong> Nous assurons les trajets quotidiens ou occasionnels dans toute la premi\u00e8re et deuxi\u00e8me couronne mancelle.<\/li>\n<li><strong>Mamers, Sill\u00e9-le-Guillaume, La Fert\u00e9-Bernard :<\/strong> Nous facilitons les d\u00e9placements depuis les zones plus \u00e9loign\u00e9es vers les gares, les a\u00e9roports ou pour des raisons m\u00e9dicales.<\/li>\n<\/ul>\n<h2>Des solutions de transport pour les zones rurales et les \u00e9v\u00e9nements<\/h2>\n<p>La Sarthe est \u00e9galement r\u00e9put\u00e9e pour son patrimoine rural, ses ch\u00e2teaux et ses domaines d&#8217;exception, souvent lieux de mariages, s\u00e9minaires ou r\u00e9ceptions priv\u00e9es. Acc\u00e9der \u00e0 ces endroits peut parfois s&#8217;av\u00e9rer complexe sans v\u00e9hicule personnel. Allo VTC 72 vous apporte une solution sur mesure. Nous assurons vos transferts vers des lieux plus isol\u00e9s, garantissant une arriv\u00e9e \u00e9l\u00e9gante et ponctuelle pour vous et vos invit\u00e9s. Notre service de <a href=\"\/chauffeur-evenements-24h\/\">mobilit\u00e9 \u00e9v\u00e9nementielle 24h\/24<\/a> est con\u00e7u pour s&#8217;adapter aux contraintes horaires de vos c\u00e9l\u00e9brations, assurant des retours en toute s\u00e9curit\u00e9, m\u00eame tard dans la nuit.<\/p>\n<h2>Vos trajets longue distance au d\u00e9part de la Sarthe<\/h2>\n<p>Votre voyage vous m\u00e8ne au-del\u00e0 des fronti\u00e8res de la Sarthe ? Notre service s&#8217;\u00e9tend \u00e0 tous vos besoins de d\u00e9placements longue distance, que ce soit \u00e0 l&#8217;\u00e9chelle r\u00e9gionale, nationale ou m\u00eame internationale. Oubliez le stress des correspondances en train ou la fatigue d&#8217;un long trajet en voiture. Nos v\u00e9hicules haut de gamme sont parfaitement adapt\u00e9s pour vous offrir un voyage confortable et reposant.<\/p>\n<p>Nos destinations les plus fr\u00e9quentes incluent :<\/p>\n<ul>\n<li><strong>Les a\u00e9roports parisiens :<\/strong> Nous organisons votre <a href=\"\/transfert-cdg-le-mans\/\">transfert vers l&#8217;a\u00e9roport CDG<\/a>, Orly ou Beauvais dans des conditions optimales.<\/li>\n<li><strong>Les a\u00e9roports r\u00e9gionaux :<\/strong> Rejoignez facilement les a\u00e9roports de Nantes Atlantique ou de Tours Val de Loire.<\/li>\n<li><strong>Les grandes villes de l&#8217;Ouest :<\/strong> Nous assurons vos trajets directs vers Paris, Nantes, Rennes, Angers, Tours et bien d&#8217;autres destinations pour vos rendez-vous d&#8217;affaires ou vos escapades.<\/li>\n<\/ul>\n<h2>Questions fr\u00e9quentes sur nos zones d&#8217;intervention VTC Sarthe 72<\/h2>\n<h3>Pouvez-vous me r\u00e9cup\u00e9rer dans une petite commune de la Sarthe ?<\/h3>\n<p>Absolument. Notre service de VTC couvre l&#8217;int\u00e9gralit\u00e9 du d\u00e9partement de la Sarthe (72), y compris les villages et les zones plus rurales. Pour garantir une disponibilit\u00e9 optimale et une organisation parfaite, nous vous conseillons simplement de r\u00e9server votre trajet \u00e0 l&#8217;avance lorsque le point de d\u00e9part ou d&#8217;arriv\u00e9e est \u00e9loign\u00e9 des axes principaux.<\/p>\n<h3>Comment est calcul\u00e9 le tarif pour un trajet hors du Mans ?<\/h3>\n<p>Le prix de votre course est toujours fix\u00e9 \u00e0 l&#8217;avance, sans aucune surprise \u00e0 l&#8217;arriv\u00e9e. Il est calcul\u00e9 sur la base de plusieurs facteurs : la distance \u00e0 parcourir, la dur\u00e9e estim\u00e9e du trajet, le type de v\u00e9hicule choisi (berline ou van) et l&#8217;horaire de la course. Pour obtenir un devis pr\u00e9cis et personnalis\u00e9, le plus simple est de nous contacter directement par t\u00e9l\u00e9phone ou via notre formulaire en ligne.<\/p>\n<h3>Assurez-vous les transports de groupe en Sarthe ?<\/h3>\n<p>Oui, nous disposons de v\u00e9hicules de type van pouvant accueillir confortablement des petits groupes. C&#8217;est la solution id\u00e9ale pour les d\u00e9placements en famille, les sorties entre amis, les navettes pour un \u00e9v\u00e9nement ou le transport de collaborateurs lors d&#8217;un s\u00e9minaire. Pensez \u00e0 pr\u00e9ciser le nombre de passagers lors de votre demande de r\u00e9servation pour que nous puissions vous proposer le v\u00e9hicule le plus adapt\u00e9.<\/p>\n<p>O\u00f9 que vous soyez en Sarthe et quelle que soit votre destination, Allo VTC 72 est votre partenaire mobilit\u00e9 de r\u00e9f\u00e9rence. Pour planifier votre prochain d\u00e9placement avec un service fiable, ponctuel et confortable, n&#8217;h\u00e9sitez pas. Contactez-nous d\u00e8s aujourd&#8217;hui par t\u00e9l\u00e9phone au 06 82 32 97 37 ou effectuez votre <a href=\"\/reservation-chauffeur-vtc\/\">r\u00e9servation en ligne<\/a> directement sur notre site. Nous sommes \u00e0 votre \u00e9coute pour organiser un trajet sur mesure.<\/p>\n","protected":false},"excerpt":{"rendered":"<p>D\u00e9couvrez en d\u00e9tail les zones desservies par notre service de VTC en Sarthe (72). Du Mans aux communes voisines, nous assurons tous vos d\u00e9placements.<\/p>\n","protected":false},"author":1,"featured_media":270,"comment_status":"open","ping_status":"open","sticky":false,"template":"","format":"standard","meta":{"footnotes":""},"categories":[2],"tags":[],"class_list":["post-269","post","type-post","status-publish","format-standard","has-post-thumbnail","hentry","category-actualites-vtc"],"yoast_head":"<!-- This site is optimized with the Yoast SEO plugin v27.5 - https:\/\/yoast.com\/product\/yoast-seo-wordpress\/ -->\n<title>VTC Sarthe 72 : Zones desservies au Mans et au-del\u00e0 - AllOVTC72<\/title>\n<meta name=\"description\" content=\"Besoin d&#039;un VTC en Sarthe (72) ? Allo VTC 72 couvre Le Mans, le d\u00e9partement et vos trajets longue distance. Service premium, r\u00e9servation facile.\" \/>\n<meta name=\"robots\" content=\"index, follow, max-snippet:-1, max-image-preview:large, max-video-preview:-1\" \/>\n<link rel=\"canonical\" href=\"https:\/\/www.allovtc72.com\/en\/\" \/>\n<meta property=\"og:locale\" content=\"en_US\" \/>\n<meta property=\"og:type\" content=\"article\" \/>\n<meta property=\"og:title\" content=\"VTC Sarthe 72 : Zones desservies au Mans et au-del\u00e0 - AllOVTC72\" \/>\n<meta property=\"og:description\" content=\"Besoin d&#039;un VTC en Sarthe (72) ? Allo VTC 72 couvre Le Mans, le d\u00e9partement et vos trajets longue distance. Service premium, r\u00e9servation facile.\" \/>\n<meta property=\"og:url\" content=\"https:\/\/www.allovtc72.com\/vtc-sarthe-72-zones-desservies-2\/\" \/>\n<meta property=\"og:site_name\" content=\"AllOVTC72\" \/>\n<meta property=\"article:published_time\" content=\"2026-08-21T08:30:37+00:00\" \/>\n<meta property=\"og:image\" content=\"https:\/\/www.allovtc72.com\/wp-content\/uploads\/2026\/08\/vtc-sarthe-72-zones-desservies-2.webp\" \/>\n\t<meta property=\"og:image:width\" content=\"1376\" \/>\n\t<meta property=\"og:image:height\" content=\"768\" \/>\n\t<meta property=\"og:image:type\" content=\"image\/webp\" \/>\n<meta name=\"author\" content=\"AllOVTC72\" \/>\n<meta name=\"twitter:card\" content=\"summary_large_image\" \/>\n<meta name=\"twitter:label1\" content=\"Written by\" \/>\n\t<meta name=\"twitter:data1\" content=\"AllOVTC72\" \/>\n\t<meta name=\"twitter:label2\" content=\"Est. reading time\" \/>\n\t<meta name=\"twitter:data2\" content=\"5 minutes\" \/>\n<script type=\"application\/ld+json\" class=\"yoast-schema-graph\">{\"@context\":\"https:\\\/\\\/schema.org\",\"@graph\":[{\"@type\":\"Article\",\"@id\":\"https:\\\/\\\/www.allovtc72.com\\\/vtc-sarthe-72-zones-desservies-2\\\/#article\",\"isPartOf\":{\"@id\":\"https:\\\/\\\/www.allovtc72.com\\\/vtc-sarthe-72-zones-desservies-2\\\/\"},\"author\":{\"name\":\"AllOVTC72\",\"@id\":\"https:\\\/\\\/www.allovtc72.com\\\/#\\\/schema\\\/person\\\/c1ea9512bed8aa1fd628b3fdd15c9cd7\"},\"headline\":\"Votre VTC en Sarthe (72) : Nos zones d&#8217;intervention d\u00e9taill\u00e9es\",\"datePublished\":\"2026-08-21T08:30:37+00:00\",\"mainEntityOfPage\":{\"@id\":\"https:\\\/\\\/www.allovtc72.com\\\/vtc-sarthe-72-zones-desservies-2\\\/\"},\"wordCount\":1084,\"commentCount\":0,\"publisher\":{\"@id\":\"https:\\\/\\\/www.allovtc72.com\\\/#organization\"},\"image\":{\"@id\":\"https:\\\/\\\/www.allovtc72.com\\\/vtc-sarthe-72-zones-desservies-2\\\/#primaryimage\"},\"thumbnailUrl\":\"https:\\\/\\\/www.allovtc72.com\\\/wp-content\\\/uploads\\\/2026\\\/08\\\/vtc-sarthe-72-zones-desservies-2.webp\",\"articleSection\":[\"Actualit\u00e9s VTC\"],\"inLanguage\":\"en-US\",\"potentialAction\":[{\"@type\":\"CommentAction\",\"name\":\"Comment\",\"target\":[\"https:\\\/\\\/www.allovtc72.com\\\/vtc-sarthe-72-zones-desservies-2\\\/#respond\"]}]},{\"@type\":\"WebPage\",\"@id\":\"https:\\\/\\\/www.allovtc72.com\\\/vtc-sarthe-72-zones-desservies-2\\\/\",\"url\":\"https:\\\/\\\/www.allovtc72.com\\\/vtc-sarthe-72-zones-desservies-2\\\/\",\"name\":\"VTC Sarthe 72 : Zones desservies au Mans et au-del\u00e0 - AllOVTC72\",\"isPartOf\":{\"@id\":\"https:\\\/\\\/www.allovtc72.com\\\/#website\"},\"primaryImageOfPage\":{\"@id\":\"https:\\\/\\\/www.allovtc72.com\\\/vtc-sarthe-72-zones-desservies-2\\\/#primaryimage\"},\"image\":{\"@id\":\"https:\\\/\\\/www.allovtc72.com\\\/vtc-sarthe-72-zones-desservies-2\\\/#primaryimage\"},\"thumbnailUrl\":\"https:\\\/\\\/www.allovtc72.com\\\/wp-content\\\/uploads\\\/2026\\\/08\\\/vtc-sarthe-72-zones-desservies-2.webp\",\"datePublished\":\"2026-08-21T08:30:37+00:00\",\"description\":\"Besoin d'un VTC en Sarthe (72) ? Allo VTC 72 couvre Le Mans, le d\u00e9partement et vos trajets longue distance. Service premium, r\u00e9servation facile.\",\"breadcrumb\":{\"@id\":\"https:\\\/\\\/www.allovtc72.com\\\/vtc-sarthe-72-zones-desservies-2\\\/#breadcrumb\"},\"inLanguage\":\"en-US\",\"potentialAction\":[{\"@type\":\"ReadAction\",\"target\":[\"https:\\\/\\\/www.allovtc72.com\\\/vtc-sarthe-72-zones-desservies-2\\\/\"]}]},{\"@type\":\"ImageObject\",\"inLanguage\":\"en-US\",\"@id\":\"https:\\\/\\\/www.allovtc72.com\\\/vtc-sarthe-72-zones-desservies-2\\\/#primaryimage\",\"url\":\"https:\\\/\\\/www.allovtc72.com\\\/wp-content\\\/uploads\\\/2026\\\/08\\\/vtc-sarthe-72-zones-desservies-2.webp\",\"contentUrl\":\"https:\\\/\\\/www.allovtc72.com\\\/wp-content\\\/uploads\\\/2026\\\/08\\\/vtc-sarthe-72-zones-desservies-2.webp\",\"width\":1376,\"height\":768,\"caption\":\"Votre VTC en Sarthe (72) : Nos zones d'intervention d\u00e9taill\u00e9es\"},{\"@type\":\"BreadcrumbList\",\"@id\":\"https:\\\/\\\/www.allovtc72.com\\\/vtc-sarthe-72-zones-desservies-2\\\/#breadcrumb\",\"itemListElement\":[{\"@type\":\"ListItem\",\"position\":1,\"name\":\"Accueil\",\"item\":\"https:\\\/\\\/www.allovtc72.com\\\/\"},{\"@type\":\"ListItem\",\"position\":2,\"name\":\"Votre VTC en Sarthe (72) : Nos zones d&#8217;intervention d\u00e9taill\u00e9es\"}]},{\"@type\":\"WebSite\",\"@id\":\"https:\\\/\\\/www.allovtc72.com\\\/#website\",\"url\":\"https:\\\/\\\/www.allovtc72.com\\\/\",\"name\":\"AllOVTC72\",\"description\":\"VTC, Chauffeur Priv\u00e9 &amp; Voiturier Premium au Mans, Sarthe (72)\",\"publisher\":{\"@id\":\"https:\\\/\\\/www.allovtc72.com\\\/#organization\"},\"potentialAction\":[{\"@type\":\"SearchAction\",\"target\":{\"@type\":\"EntryPoint\",\"urlTemplate\":\"https:\\\/\\\/www.allovtc72.com\\\/?s={search_term_string}\"},\"query-input\":{\"@type\":\"PropertyValueSpecification\",\"valueRequired\":true,\"valueName\":\"search_term_string\"}}],\"inLanguage\":\"en-US\"},{\"@type\":\"Organization\",\"@id\":\"https:\\\/\\\/www.allovtc72.com\\\/#organization\",\"name\":\"AllOVTC72\",\"url\":\"https:\\\/\\\/www.allovtc72.com\\\/\",\"logo\":{\"@type\":\"ImageObject\",\"inLanguage\":\"en-US\",\"@id\":\"https:\\\/\\\/www.allovtc72.com\\\/#\\\/schema\\\/logo\\\/image\\\/\",\"url\":\"https:\\\/\\\/www.allovtc72.com\\\/wp-content\\\/uploads\\\/2026\\\/05\\\/av-logo.png\",\"contentUrl\":\"https:\\\/\\\/www.allovtc72.com\\\/wp-content\\\/uploads\\\/2026\\\/05\\\/av-logo.png\",\"width\":300,\"height\":218,\"caption\":\"AllOVTC72\"},\"image\":{\"@id\":\"https:\\\/\\\/www.allovtc72.com\\\/#\\\/schema\\\/logo\\\/image\\\/\"}},{\"@type\":\"Person\",\"@id\":\"https:\\\/\\\/www.allovtc72.com\\\/#\\\/schema\\\/person\\\/c1ea9512bed8aa1fd628b3fdd15c9cd7\",\"name\":\"AllOVTC72\",\"image\":{\"@type\":\"ImageObject\",\"inLanguage\":\"en-US\",\"@id\":\"https:\\\/\\\/secure.gravatar.com\\\/avatar\\\/a532ea57c933353f1af20a4b6eb4c0f0c1edca61047ca3f263c7bce7f963ba21?s=96&d=mm&r=g\",\"url\":\"https:\\\/\\\/secure.gravatar.com\\\/avatar\\\/a532ea57c933353f1af20a4b6eb4c0f0c1edca61047ca3f263c7bce7f963ba21?s=96&d=mm&r=g\",\"contentUrl\":\"https:\\\/\\\/secure.gravatar.com\\\/avatar\\\/a532ea57c933353f1af20a4b6eb4c0f0c1edca61047ca3f263c7bce7f963ba21?s=96&d=mm&r=g\",\"caption\":\"AllOVTC72\"},\"sameAs\":[\"https:\\\/\\\/www.allovtc72.com\"],\"url\":\"https:\\\/\\\/www.allovtc72.com\\\/en\\\/author\\\/admin\\\/\"}]}<\/script>\n<!-- \/ Yoast SEO plugin. -->","yoast_head_json":{"title":"VTC Sarthe 72 : Zones desservies au Mans et au-del\u00e0 - AllOVTC72","description":"Besoin d'un VTC en Sarthe (72) ? Allo VTC 72 couvre Le Mans, le d\u00e9partement et vos trajets longue distance. Service premium, r\u00e9servation facile.","robots":{"index":"index","follow":"follow","max-snippet":"max-snippet:-1","max-image-preview":"max-image-preview:large","max-video-preview":"max-video-preview:-1"},"canonical":"https:\/\/www.allovtc72.com\/en\/","og_locale":"en_US","og_type":"article","og_title":"VTC Sarthe 72 : Zones desservies au Mans et au-del\u00e0 - AllOVTC72","og_description":"Besoin d'un VTC en Sarthe (72) ? Allo VTC 72 couvre Le Mans, le d\u00e9partement et vos trajets longue distance. Service premium, r\u00e9servation facile.","og_url":"https:\/\/www.allovtc72.com\/vtc-sarthe-72-zones-desservies-2\/","og_site_name":"AllOVTC72","article_published_time":"2026-08-21T08:30:37+00:00","og_image":[{"width":1376,"height":768,"url":"https:\/\/www.allovtc72.com\/wp-content\/uploads\/2026\/08\/vtc-sarthe-72-zones-desservies-2.webp","type":"image\/webp"}],"author":"AllOVTC72","twitter_card":"summary_large_image","twitter_misc":{"Written by":"AllOVTC72","Est. reading time":"5 minutes"},"schema":{"@context":"https:\/\/schema.org","@graph":[{"@type":"Article","@id":"https:\/\/www.allovtc72.com\/vtc-sarthe-72-zones-desservies-2\/#article","isPartOf":{"@id":"https:\/\/www.allovtc72.com\/vtc-sarthe-72-zones-desservies-2\/"},"author":{"name":"AllOVTC72","@id":"https:\/\/www.allovtc72.com\/#\/schema\/person\/c1ea9512bed8aa1fd628b3fdd15c9cd7"},"headline":"Votre VTC en Sarthe (72) : Nos zones d&#8217;intervention d\u00e9taill\u00e9es","datePublished":"2026-08-21T08:30:37+00:00","mainEntityOfPage":{"@id":"https:\/\/www.allovtc72.com\/vtc-sarthe-72-zones-desservies-2\/"},"wordCount":1084,"commentCount":0,"publisher":{"@id":"https:\/\/www.allovtc72.com\/#organization"},"image":{"@id":"https:\/\/www.allovtc72.com\/vtc-sarthe-72-zones-desservies-2\/#primaryimage"},"thumbnailUrl":"https:\/\/www.allovtc72.com\/wp-content\/uploads\/2026\/08\/vtc-sarthe-72-zones-desservies-2.webp","articleSection":["Actualit\u00e9s VTC"],"inLanguage":"en-US","potentialAction":[{"@type":"CommentAction","name":"Comment","target":["https:\/\/www.allovtc72.com\/vtc-sarthe-72-zones-desservies-2\/#respond"]}]},{"@type":"WebPage","@id":"https:\/\/www.allovtc72.com\/vtc-sarthe-72-zones-desservies-2\/","url":"https:\/\/www.allovtc72.com\/vtc-sarthe-72-zones-desservies-2\/","name":"VTC Sarthe 72 : Zones desservies au Mans et au-del\u00e0 - AllOVTC72","isPartOf":{"@id":"https:\/\/www.allovtc72.com\/#website"},"primaryImageOfPage":{"@id":"https:\/\/www.allovtc72.com\/vtc-sarthe-72-zones-desservies-2\/#primaryimage"},"image":{"@id":"https:\/\/www.allovtc72.com\/vtc-sarthe-72-zones-desservies-2\/#primaryimage"},"thumbnailUrl":"https:\/\/www.allovtc72.com\/wp-content\/uploads\/2026\/08\/vtc-sarthe-72-zones-desservies-2.webp","datePublished":"2026-08-21T08:30:37+00:00","description":"Besoin d'un VTC en Sarthe (72) ? Allo VTC 72 couvre Le Mans, le d\u00e9partement et vos trajets longue distance. Service premium, r\u00e9servation facile.","breadcrumb":{"@id":"https:\/\/www.allovtc72.com\/vtc-sarthe-72-zones-desservies-2\/#breadcrumb"},"inLanguage":"en-US","potentialAction":[{"@type":"ReadAction","target":["https:\/\/www.allovtc72.com\/vtc-sarthe-72-zones-desservies-2\/"]}]},{"@type":"ImageObject","inLanguage":"en-US","@id":"https:\/\/www.allovtc72.com\/vtc-sarthe-72-zones-desservies-2\/#primaryimage","url":"https:\/\/www.allovtc72.com\/wp-content\/uploads\/2026\/08\/vtc-sarthe-72-zones-desservies-2.webp","contentUrl":"https:\/\/www.allovtc72.com\/wp-content\/uploads\/2026\/08\/vtc-sarthe-72-zones-desservies-2.webp","width":1376,"height":768,"caption":"Votre VTC en Sarthe (72) : Nos zones d'intervention d\u00e9taill\u00e9es"},{"@type":"BreadcrumbList","@id":"https:\/\/www.allovtc72.com\/vtc-sarthe-72-zones-desservies-2\/#breadcrumb","itemListElement":[{"@type":"ListItem","position":1,"name":"Accueil","item":"https:\/\/www.allovtc72.com\/"},{"@type":"ListItem","position":2,"name":"Votre VTC en Sarthe (72) : Nos zones d&#8217;intervention d\u00e9taill\u00e9es"}]},{"@type":"WebSite","@id":"https:\/\/www.allovtc72.com\/#website","url":"https:\/\/www.allovtc72.com\/","name":"AllOVTC72","description":"VTC, Chauffeur Priv\u00e9 &amp; Voiturier Premium au Mans, Sarthe (72)","publisher":{"@id":"https:\/\/www.allovtc72.com\/#organization"},"potentialAction":[{"@type":"SearchAction","target":{"@type":"EntryPoint","urlTemplate":"https:\/\/www.allovtc72.com\/?s={search_term_string}"},"query-input":{"@type":"PropertyValueSpecification","valueRequired":true,"valueName":"search_term_string"}}],"inLanguage":"en-US"},{"@type":"Organization","@id":"https:\/\/www.allovtc72.com\/#organization","name":"AllOVTC72","url":"https:\/\/www.allovtc72.com\/","logo":{"@type":"ImageObject","inLanguage":"en-US","@id":"https:\/\/www.allovtc72.com\/#\/schema\/logo\/image\/","url":"https:\/\/www.allovtc72.com\/wp-content\/uploads\/2026\/05\/av-logo.png","contentUrl":"https:\/\/www.allovtc72.com\/wp-content\/uploads\/2026\/05\/av-logo.png","width":300,"height":218,"caption":"AllOVTC72"},"image":{"@id":"https:\/\/www.allovtc72.com\/#\/schema\/logo\/image\/"}},{"@type":"Person","@id":"https:\/\/www.allovtc72.com\/#\/schema\/person\/c1ea9512bed8aa1fd628b3fdd15c9cd7","name":"AllOVTC72","image":{"@type":"ImageObject","inLanguage":"en-US","@id":"https:\/\/secure.gravatar.com\/avatar\/a532ea57c933353f1af20a4b6eb4c0f0c1edca61047ca3f263c7bce7f963ba21?s=96&d=mm&r=g","url":"https:\/\/secure.gravatar.com\/avatar\/a532ea57c933353f1af20a4b6eb4c0f0c1edca61047ca3f263c7bce7f963ba21?s=96&d=mm&r=g","contentUrl":"https:\/\/secure.gravatar.com\/avatar\/a532ea57c933353f1af20a4b6eb4c0f0c1edca61047ca3f263c7bce7f963ba21?s=96&d=mm&r=g","caption":"AllOVTC72"},"sameAs":["https:\/\/www.allovtc72.com"],"url":"https:\/\/www.allovtc72.com\/en\/author\/admin\/"}]}},"_links":{"self":[{"href":"https:\/\/www.allovtc72.com\/en\/wp-json\/wp\/v2\/posts\/269","targetHints":{"allow":["GET"]}}],"collection":[{"href":"https:\/\/www.allovtc72.com\/en\/wp-json\/wp\/v2\/posts"}],"about":[{"href":"https:\/\/www.allovtc72.com\/en\/wp-json\/wp\/v2\/types\/post"}],"author":[{"embeddable":true,"href":"https:\/\/www.allovtc72.com\/en\/wp-json\/wp\/v2\/users\/1"}],"replies":[{"embeddable":true,"href":"https:\/\/www.allovtc72.com\/en\/wp-json\/wp\/v2\/comments?post=269"}],"version-history":[{"count":0,"href":"https:\/\/www.allovtc72.com\/en\/wp-json\/wp\/v2\/posts\/269\/revisions"}],"wp:featuredmedia":[{"embeddable":true,"href":"https:\/\/www.allovtc72.com\/en\/wp-json\/wp\/v2\/media\/270"}],"wp:attachment":[{"href":"https:\/\/www.allovtc72.com\/en\/wp-json\/wp\/v2\/media?parent=269"}],"wp:term":[{"taxonomy":"category","embeddable":true,"href":"https:\/\/www.allovtc72.com\/en\/wp-json\/wp\/v2\/categories?post=269"},{"taxonomy":"post_tag","embeddable":true,"href":"https:\/\/www.allovtc72.com\/en\/wp-json\/wp\/v2\/tags?post=269"}],"curies":[{"name":"wp","href":"https:\/\/api.w.org\/{rel}","templated":true}]}}