{"id":265,"date":"2026-08-14T10:30:31","date_gmt":"2026-08-14T08:30:31","guid":{"rendered":"https:\/\/www.allovtc72.com\/vtc-matin-le-mans-transfert-aube\/"},"modified":"2026-08-14T10:30:31","modified_gmt":"2026-08-14T08:30:31","slug":"vtc-matin-le-mans-transfert-aube","status":"publish","type":"post","link":"https:\/\/www.allovtc72.com\/en\/vtc-matin-le-mans-transfert-aube\/","title":{"rendered":"Votre VTC le matin au Mans : partez \u00e0 l&#8217;aube en toute s\u00e9r\u00e9nit\u00e9"},"content":{"rendered":"<p>Un train \u00e0 prendre aux aurores, un vol international qui d\u00e9colle t\u00f4t le matin&#8230; Les d\u00e9parts matinaux sont souvent synonymes de stress et de fatigue. Se r\u00e9veiller en pleine nuit, v\u00e9rifier son itin\u00e9raire, anticiper les impr\u00e9vus sur la route ou la difficult\u00e9 de trouver un transport disponible : autant de pr\u00e9occupations qui peuvent g\u00e2cher le d\u00e9but d&#8217;un voyage. C&#8217;est pr\u00e9cis\u00e9ment pour vous offrir une alternative sereine et fiable que notre service de <strong>VTC le matin au Mans<\/strong> a \u00e9t\u00e9 pens\u00e9. Oubliez l&#8217;anxi\u00e9t\u00e9 du d\u00e9part et confiez-nous votre trajet : nous nous occupons de tout pour que votre journ\u00e9e commence de la meilleure des mani\u00e8res.<\/p>\n<h2>Pourquoi anticiper avec un VTC pour un d\u00e9part matinal au Mans ?<\/h2>\n<p>Faire appel \u00e0 un chauffeur VTC pour un trajet tr\u00e8s t\u00f4t le matin n&#8217;est pas un luxe, mais une v\u00e9ritable garantie de tranquillit\u00e9. Contrairement aux solutions de transport traditionnelles dont la disponibilit\u00e9 peut \u00eatre incertaine aux heures creuses, la r\u00e9servation pr\u00e9alable d&#8217;un VTC vous assure la pr\u00e9sence d&#8217;un chauffeur \u00e0 l&#8217;heure et \u00e0 l&#8217;endroit convenus. C&#8217;est l&#8217;assurance d&#8217;une ponctualit\u00e9 sans faille, un crit\u00e8re non n\u00e9gociable lorsque l&#8217;on doit prendre un train ou un avion. De plus, vous \u00e9vitez la fatigue de la conduite nocturne ou matinale, le stress de la circulation et la recherche parfois complexe d&#8217;une place de stationnement longue dur\u00e9e \u00e0 la gare ou \u00e0 l&#8217;a\u00e9roport. Vous voyagez dans un v\u00e9hicule confortable, propre, et vous pouvez m\u00eame profiter du trajet pour vous reposer, relire un dossier ou simplement vous d\u00e9tendre avant votre journ\u00e9e.<\/p>\n<h2>Transferts vers la Gare du Mans : votre TGV sans courir<\/h2>\n<p>La Gare du Mans est un point de d\u00e9part n\u00e9vralgique pour de nombreux voyageurs d&#8217;affaires et de loisirs, notamment avec les lignes TGV vers Paris, Nantes, Rennes ou Lyon. Manquer son train, surtout le premier de la journ\u00e9e, peut avoir des cons\u00e9quences importantes sur votre emploi du temps. En r\u00e9servant votre <strong>VTC le matin pour la gare du Mans<\/strong>, vous choisissez la s\u00e9curit\u00e9. Votre chauffeur planifie l&#8217;itin\u00e9raire en tenant compte des conditions de circulation pour vous garantir une arriv\u00e9e avec une marge confortable. Il vous d\u00e9pose au plus pr\u00e8s des entr\u00e9es, vous aide \u00e0 d\u00e9charger vos bagages et vous permet d&#8217;aborder votre voyage en train de mani\u00e8re totalement apais\u00e9e. C&#8217;est une solution id\u00e9ale pour commencer un d\u00e9placement professionnel ou des vacances du bon pied. Pour tous vos trajets locaux, notre service de <a href=\"\/vtc-le-mans\/\">VTC au Mans<\/a> est \u00e0 votre disposition.<\/p>\n<h2>La solution VTC pour vos vols depuis les a\u00e9roports r\u00e9gionaux<\/h2>\n<p>Pour les Manceaux, prendre l&#8217;avion implique souvent de se rendre aux a\u00e9roports de Paris (Roissy-Charles de Gaulle, Orly) ou de Nantes Atlantique. Ces trajets, longs et fatigants, sont particuli\u00e8rement \u00e9prouvants lorsqu&#8217;il s&#8217;agit d&#8217;un vol matinal. Choisir un <a href=\"\/chauffeur-prive-le-mans\/\">chauffeur priv\u00e9 au Mans<\/a> pour ces transferts a\u00e9roport est la solution la plus confortable et la plus efficace. Vous n&#8217;avez pas \u00e0 vous soucier de la fatigue au volant sur l&#8217;autoroute en pleine nuit, ni des co\u00fbts et de la logistique du stationnement \u00e0 l&#8217;a\u00e9roport. Votre chauffeur prend en charge votre trajet de porte \u00e0 porte. Si vous voyagez en famille ou avec des bagages volumineux, nos v\u00e9hicules adapt\u00e9s, comme un <a href=\"\/transport-van-le-mans\/\">van avec chauffeur<\/a>, offrent tout l&#8217;espace n\u00e9cessaire. Vous arrivez ainsi d\u00e9tendu et pr\u00eat pour votre enregistrement, en ayant transform\u00e9 un trajet contraignant en une exp\u00e9rience de voyage premium.<\/p>\n<h2>Comment se d\u00e9roule une r\u00e9servation de VTC matinal ?<\/h2>\n<p>La simplicit\u00e9 et l&#8217;anticipation sont les ma\u00eetres-mots. Pour garantir votre tranquillit\u00e9, nous vous recommandons de r\u00e9server votre VTC quelques jours \u00e0 l&#8217;avance, surtout pour un d\u00e9part tr\u00e8s matinal. Le processus est simple :<\/p>\n<ul>\n<li><strong>La prise de contact :<\/strong> Vous pouvez effectuer votre <a href=\"\/reservation-chauffeur-vtc\/\">r\u00e9servation en ligne<\/a> via notre site ou nous appeler directement. Vous nous communiquez votre adresse de d\u00e9part, votre destination (gare, a\u00e9roport), l&#8217;heure de prise en charge souhait\u00e9e et le nombre de passagers.<\/li>\n<li><strong>La confirmation :<\/strong> Une fois votre demande trait\u00e9e, vous recevez une confirmation claire avec tous les d\u00e9tails de votre course, y compris le tarif fixe et transparent. Pas de mauvaise surprise, le prix est convenu \u00e0 l&#8217;avance.<\/li>\n<li><strong>Le jour du d\u00e9part :<\/strong> Votre chauffeur se pr\u00e9sente \u00e0 l&#8217;heure exacte, souvent avec quelques minutes d&#8217;avance. Professionnel et courtois, il vous accueille, prend en charge vos valises et s&#8217;assure de votre confort \u00e0 bord.<\/li>\n<li><strong>Le trajet :<\/strong> Vous n&#8217;avez plus qu&#8217;\u00e0 vous laisser conduire. Le v\u00e9hicule est impeccable et la conduite souple et s\u00e9curisante. Votre chauffeur vous d\u00e9pose \u00e0 votre destination, vous assurant une arriv\u00e9e ponctuelle et sans stress.<\/li>\n<\/ul>\n<h2>Questions fr\u00e9quentes sur le service VTC matin Le Mans<\/h2>\n<h3>\u00c0 partir de quelle heure puis-je r\u00e9server un chauffeur ?<\/h3>\n<p>Notre service est con\u00e7u pour s&#8217;adapter \u00e0 toutes les contraintes horaires. Vous pouvez r\u00e9server un chauffeur pour une prise en charge \u00e0 n&#8217;importe quelle heure, y compris au milieu de la nuit (3h, 4h ou 5h du matin). La cl\u00e9 est de r\u00e9server \u00e0 l&#8217;avance pour nous permettre d&#8217;organiser votre transport dans des conditions optimales et vous garantir une disponibilit\u00e9 totale.<\/p>\n<h3>Comment le tarif d&#8217;une course VTC t\u00f4t le matin est-il fix\u00e9 ?<\/h3>\n<p>Le tarif de votre trajet est toujours communiqu\u00e9 et fix\u00e9 au moment de la r\u00e9servation. Il ne d\u00e9pend pas des conditions de circulation le jour J. Plusieurs facteurs entrent en compte pour son calcul : la distance \u00e0 parcourir, le type de v\u00e9hicule choisi (berline, van), l&#8217;heure de la prise en charge et la nature du service (transfert simple, attente \u00e9ventuelle). Cette transparence vous assure une ma\u00eetrise totale de votre budget.<\/p>\n<h3>Est-il possible de voyager avec des bagages volumineux ?<\/h3>\n<p>Absolument. Nous vous demandons simplement de nous le pr\u00e9ciser lors de votre r\u00e9servation. En fonction du volume de vos bagages et du nombre de passagers, nous vous proposerons le v\u00e9hicule le plus adapt\u00e9, comme une berline break ou un van, pour que votre confort et celui de vos affaires soient garantis tout au long du trajet.<\/p>\n<p>Pour votre prochain d\u00e9part matinal depuis Le Mans ou la Sarthe, ne laissez plus de place au hasard ou au stress. Offrez-vous la tranquillit\u00e9 d&#8217;esprit d&#8217;un service de transport professionnel, ponctuel et confortable. Contactez AllOVTC72 d\u00e8s aujourd&#8217;hui au <strong>06 82 32 97 37<\/strong> ou utilisez notre syst\u00e8me de r\u00e9servation en ligne pour planifier votre trajet et voyager sereinement.<\/p>\n","protected":false},"excerpt":{"rendered":"<p>Pour un d\u00e9part matinal sans stress depuis Le Mans, notre service VTC vous assure ponctualit\u00e9 et confort pour vos transferts vers la gare ou les a\u00e9roports.<\/p>\n","protected":false},"author":1,"featured_media":266,"comment_status":"open","ping_status":"open","sticky":false,"template":"","format":"standard","meta":{"footnotes":""},"categories":[3],"tags":[],"class_list":["post-265","post","type-post","status-publish","format-standard","has-post-thumbnail","hentry","category-conseils-voyage"],"yoast_head":"<!-- This site is optimized with the Yoast SEO plugin v27.5 - https:\/\/yoast.com\/product\/yoast-seo-wordpress\/ -->\n<title>VTC matin Le Mans : transferts aube gare &amp; a\u00e9roport - AllOVTC72<\/title>\n<meta name=\"description\" content=\"Besoin d&#039;un VTC le matin au Mans pour un train ou un vol ? AllOVTC72 assure vos transferts matinaux 7j\/7. Ponctualit\u00e9, confort et s\u00e9r\u00e9nit\u00e9 garantis.\" \/>\n<meta name=\"robots\" content=\"index, follow, max-snippet:-1, max-image-preview:large, max-video-preview:-1\" \/>\n<link rel=\"canonical\" href=\"https:\/\/www.allovtc72.com\/en\/\" \/>\n<meta property=\"og:locale\" content=\"en_US\" \/>\n<meta property=\"og:type\" content=\"article\" \/>\n<meta property=\"og:title\" content=\"VTC matin Le Mans : transferts aube gare &amp; a\u00e9roport - AllOVTC72\" \/>\n<meta property=\"og:description\" content=\"Besoin d&#039;un VTC le matin au Mans pour un train ou un vol ? AllOVTC72 assure vos transferts matinaux 7j\/7. Ponctualit\u00e9, confort et s\u00e9r\u00e9nit\u00e9 garantis.\" \/>\n<meta property=\"og:url\" content=\"https:\/\/www.allovtc72.com\/vtc-matin-le-mans-transfert-aube\/\" \/>\n<meta property=\"og:site_name\" content=\"AllOVTC72\" \/>\n<meta property=\"article:published_time\" content=\"2026-08-14T08:30:31+00:00\" \/>\n<meta property=\"og:image\" content=\"https:\/\/www.allovtc72.com\/wp-content\/uploads\/2026\/08\/vtc-matin-le-mans-transfert-aube.webp\" \/>\n\t<meta property=\"og:image:width\" content=\"1376\" \/>\n\t<meta property=\"og:image:height\" content=\"768\" \/>\n\t<meta property=\"og:image:type\" content=\"image\/webp\" \/>\n<meta name=\"author\" content=\"AllOVTC72\" \/>\n<meta name=\"twitter:card\" content=\"summary_large_image\" \/>\n<meta name=\"twitter:label1\" content=\"Written by\" \/>\n\t<meta name=\"twitter:data1\" content=\"AllOVTC72\" \/>\n\t<meta name=\"twitter:label2\" content=\"Est. reading time\" \/>\n\t<meta name=\"twitter:data2\" content=\"5 minutes\" \/>\n<script type=\"application\/ld+json\" class=\"yoast-schema-graph\">{\"@context\":\"https:\\\/\\\/schema.org\",\"@graph\":[{\"@type\":\"Article\",\"@id\":\"https:\\\/\\\/www.allovtc72.com\\\/vtc-matin-le-mans-transfert-aube\\\/#article\",\"isPartOf\":{\"@id\":\"https:\\\/\\\/www.allovtc72.com\\\/vtc-matin-le-mans-transfert-aube\\\/\"},\"author\":{\"name\":\"AllOVTC72\",\"@id\":\"https:\\\/\\\/www.allovtc72.com\\\/#\\\/schema\\\/person\\\/c1ea9512bed8aa1fd628b3fdd15c9cd7\"},\"headline\":\"Votre VTC le matin au Mans : partez \u00e0 l&#8217;aube en toute s\u00e9r\u00e9nit\u00e9\",\"datePublished\":\"2026-08-14T08:30:31+00:00\",\"mainEntityOfPage\":{\"@id\":\"https:\\\/\\\/www.allovtc72.com\\\/vtc-matin-le-mans-transfert-aube\\\/\"},\"wordCount\":1135,\"commentCount\":0,\"publisher\":{\"@id\":\"https:\\\/\\\/www.allovtc72.com\\\/#organization\"},\"image\":{\"@id\":\"https:\\\/\\\/www.allovtc72.com\\\/vtc-matin-le-mans-transfert-aube\\\/#primaryimage\"},\"thumbnailUrl\":\"https:\\\/\\\/www.allovtc72.com\\\/wp-content\\\/uploads\\\/2026\\\/08\\\/vtc-matin-le-mans-transfert-aube.webp\",\"articleSection\":[\"Conseils Voyage\"],\"inLanguage\":\"en-US\",\"potentialAction\":[{\"@type\":\"CommentAction\",\"name\":\"Comment\",\"target\":[\"https:\\\/\\\/www.allovtc72.com\\\/vtc-matin-le-mans-transfert-aube\\\/#respond\"]}]},{\"@type\":\"WebPage\",\"@id\":\"https:\\\/\\\/www.allovtc72.com\\\/vtc-matin-le-mans-transfert-aube\\\/\",\"url\":\"https:\\\/\\\/www.allovtc72.com\\\/vtc-matin-le-mans-transfert-aube\\\/\",\"name\":\"VTC matin Le Mans : transferts aube gare & a\u00e9roport - AllOVTC72\",\"isPartOf\":{\"@id\":\"https:\\\/\\\/www.allovtc72.com\\\/#website\"},\"primaryImageOfPage\":{\"@id\":\"https:\\\/\\\/www.allovtc72.com\\\/vtc-matin-le-mans-transfert-aube\\\/#primaryimage\"},\"image\":{\"@id\":\"https:\\\/\\\/www.allovtc72.com\\\/vtc-matin-le-mans-transfert-aube\\\/#primaryimage\"},\"thumbnailUrl\":\"https:\\\/\\\/www.allovtc72.com\\\/wp-content\\\/uploads\\\/2026\\\/08\\\/vtc-matin-le-mans-transfert-aube.webp\",\"datePublished\":\"2026-08-14T08:30:31+00:00\",\"description\":\"Besoin d'un VTC le matin au Mans pour un train ou un vol ? AllOVTC72 assure vos transferts matinaux 7j\\\/7. Ponctualit\u00e9, confort et s\u00e9r\u00e9nit\u00e9 garantis.\",\"breadcrumb\":{\"@id\":\"https:\\\/\\\/www.allovtc72.com\\\/vtc-matin-le-mans-transfert-aube\\\/#breadcrumb\"},\"inLanguage\":\"en-US\",\"potentialAction\":[{\"@type\":\"ReadAction\",\"target\":[\"https:\\\/\\\/www.allovtc72.com\\\/vtc-matin-le-mans-transfert-aube\\\/\"]}]},{\"@type\":\"ImageObject\",\"inLanguage\":\"en-US\",\"@id\":\"https:\\\/\\\/www.allovtc72.com\\\/vtc-matin-le-mans-transfert-aube\\\/#primaryimage\",\"url\":\"https:\\\/\\\/www.allovtc72.com\\\/wp-content\\\/uploads\\\/2026\\\/08\\\/vtc-matin-le-mans-transfert-aube.webp\",\"contentUrl\":\"https:\\\/\\\/www.allovtc72.com\\\/wp-content\\\/uploads\\\/2026\\\/08\\\/vtc-matin-le-mans-transfert-aube.webp\",\"width\":1376,\"height\":768,\"caption\":\"Votre VTC le matin au Mans : partez \u00e0 l'aube en toute s\u00e9r\u00e9nit\u00e9\"},{\"@type\":\"BreadcrumbList\",\"@id\":\"https:\\\/\\\/www.allovtc72.com\\\/vtc-matin-le-mans-transfert-aube\\\/#breadcrumb\",\"itemListElement\":[{\"@type\":\"ListItem\",\"position\":1,\"name\":\"Accueil\",\"item\":\"https:\\\/\\\/www.allovtc72.com\\\/\"},{\"@type\":\"ListItem\",\"position\":2,\"name\":\"Votre VTC le matin au Mans : partez \u00e0 l&#8217;aube en toute s\u00e9r\u00e9nit\u00e9\"}]},{\"@type\":\"WebSite\",\"@id\":\"https:\\\/\\\/www.allovtc72.com\\\/#website\",\"url\":\"https:\\\/\\\/www.allovtc72.com\\\/\",\"name\":\"AllOVTC72\",\"description\":\"VTC, Chauffeur Priv\u00e9 &amp; Voiturier Premium au Mans, Sarthe (72)\",\"publisher\":{\"@id\":\"https:\\\/\\\/www.allovtc72.com\\\/#organization\"},\"potentialAction\":[{\"@type\":\"SearchAction\",\"target\":{\"@type\":\"EntryPoint\",\"urlTemplate\":\"https:\\\/\\\/www.allovtc72.com\\\/?s={search_term_string}\"},\"query-input\":{\"@type\":\"PropertyValueSpecification\",\"valueRequired\":true,\"valueName\":\"search_term_string\"}}],\"inLanguage\":\"en-US\"},{\"@type\":\"Organization\",\"@id\":\"https:\\\/\\\/www.allovtc72.com\\\/#organization\",\"name\":\"AllOVTC72\",\"url\":\"https:\\\/\\\/www.allovtc72.com\\\/\",\"logo\":{\"@type\":\"ImageObject\",\"inLanguage\":\"en-US\",\"@id\":\"https:\\\/\\\/www.allovtc72.com\\\/#\\\/schema\\\/logo\\\/image\\\/\",\"url\":\"https:\\\/\\\/www.allovtc72.com\\\/wp-content\\\/uploads\\\/2026\\\/05\\\/av-logo.png\",\"contentUrl\":\"https:\\\/\\\/www.allovtc72.com\\\/wp-content\\\/uploads\\\/2026\\\/05\\\/av-logo.png\",\"width\":300,\"height\":218,\"caption\":\"AllOVTC72\"},\"image\":{\"@id\":\"https:\\\/\\\/www.allovtc72.com\\\/#\\\/schema\\\/logo\\\/image\\\/\"}},{\"@type\":\"Person\",\"@id\":\"https:\\\/\\\/www.allovtc72.com\\\/#\\\/schema\\\/person\\\/c1ea9512bed8aa1fd628b3fdd15c9cd7\",\"name\":\"AllOVTC72\",\"image\":{\"@type\":\"ImageObject\",\"inLanguage\":\"en-US\",\"@id\":\"https:\\\/\\\/secure.gravatar.com\\\/avatar\\\/a532ea57c933353f1af20a4b6eb4c0f0c1edca61047ca3f263c7bce7f963ba21?s=96&d=mm&r=g\",\"url\":\"https:\\\/\\\/secure.gravatar.com\\\/avatar\\\/a532ea57c933353f1af20a4b6eb4c0f0c1edca61047ca3f263c7bce7f963ba21?s=96&d=mm&r=g\",\"contentUrl\":\"https:\\\/\\\/secure.gravatar.com\\\/avatar\\\/a532ea57c933353f1af20a4b6eb4c0f0c1edca61047ca3f263c7bce7f963ba21?s=96&d=mm&r=g\",\"caption\":\"AllOVTC72\"},\"sameAs\":[\"https:\\\/\\\/www.allovtc72.com\"],\"url\":\"https:\\\/\\\/www.allovtc72.com\\\/en\\\/author\\\/admin\\\/\"}]}<\/script>\n<!-- \/ Yoast SEO plugin. -->","yoast_head_json":{"title":"VTC matin Le Mans : transferts aube gare & a\u00e9roport - AllOVTC72","description":"Besoin d'un VTC le matin au Mans pour un train ou un vol ? AllOVTC72 assure vos transferts matinaux 7j\/7. Ponctualit\u00e9, confort et s\u00e9r\u00e9nit\u00e9 garantis.","robots":{"index":"index","follow":"follow","max-snippet":"max-snippet:-1","max-image-preview":"max-image-preview:large","max-video-preview":"max-video-preview:-1"},"canonical":"https:\/\/www.allovtc72.com\/en\/","og_locale":"en_US","og_type":"article","og_title":"VTC matin Le Mans : transferts aube gare & a\u00e9roport - AllOVTC72","og_description":"Besoin d'un VTC le matin au Mans pour un train ou un vol ? AllOVTC72 assure vos transferts matinaux 7j\/7. Ponctualit\u00e9, confort et s\u00e9r\u00e9nit\u00e9 garantis.","og_url":"https:\/\/www.allovtc72.com\/vtc-matin-le-mans-transfert-aube\/","og_site_name":"AllOVTC72","article_published_time":"2026-08-14T08:30:31+00:00","og_image":[{"width":1376,"height":768,"url":"https:\/\/www.allovtc72.com\/wp-content\/uploads\/2026\/08\/vtc-matin-le-mans-transfert-aube.webp","type":"image\/webp"}],"author":"AllOVTC72","twitter_card":"summary_large_image","twitter_misc":{"Written by":"AllOVTC72","Est. reading time":"5 minutes"},"schema":{"@context":"https:\/\/schema.org","@graph":[{"@type":"Article","@id":"https:\/\/www.allovtc72.com\/vtc-matin-le-mans-transfert-aube\/#article","isPartOf":{"@id":"https:\/\/www.allovtc72.com\/vtc-matin-le-mans-transfert-aube\/"},"author":{"name":"AllOVTC72","@id":"https:\/\/www.allovtc72.com\/#\/schema\/person\/c1ea9512bed8aa1fd628b3fdd15c9cd7"},"headline":"Votre VTC le matin au Mans : partez \u00e0 l&#8217;aube en toute s\u00e9r\u00e9nit\u00e9","datePublished":"2026-08-14T08:30:31+00:00","mainEntityOfPage":{"@id":"https:\/\/www.allovtc72.com\/vtc-matin-le-mans-transfert-aube\/"},"wordCount":1135,"commentCount":0,"publisher":{"@id":"https:\/\/www.allovtc72.com\/#organization"},"image":{"@id":"https:\/\/www.allovtc72.com\/vtc-matin-le-mans-transfert-aube\/#primaryimage"},"thumbnailUrl":"https:\/\/www.allovtc72.com\/wp-content\/uploads\/2026\/08\/vtc-matin-le-mans-transfert-aube.webp","articleSection":["Conseils Voyage"],"inLanguage":"en-US","potentialAction":[{"@type":"CommentAction","name":"Comment","target":["https:\/\/www.allovtc72.com\/vtc-matin-le-mans-transfert-aube\/#respond"]}]},{"@type":"WebPage","@id":"https:\/\/www.allovtc72.com\/vtc-matin-le-mans-transfert-aube\/","url":"https:\/\/www.allovtc72.com\/vtc-matin-le-mans-transfert-aube\/","name":"VTC matin Le Mans : transferts aube gare & a\u00e9roport - AllOVTC72","isPartOf":{"@id":"https:\/\/www.allovtc72.com\/#website"},"primaryImageOfPage":{"@id":"https:\/\/www.allovtc72.com\/vtc-matin-le-mans-transfert-aube\/#primaryimage"},"image":{"@id":"https:\/\/www.allovtc72.com\/vtc-matin-le-mans-transfert-aube\/#primaryimage"},"thumbnailUrl":"https:\/\/www.allovtc72.com\/wp-content\/uploads\/2026\/08\/vtc-matin-le-mans-transfert-aube.webp","datePublished":"2026-08-14T08:30:31+00:00","description":"Besoin d'un VTC le matin au Mans pour un train ou un vol ? AllOVTC72 assure vos transferts matinaux 7j\/7. Ponctualit\u00e9, confort et s\u00e9r\u00e9nit\u00e9 garantis.","breadcrumb":{"@id":"https:\/\/www.allovtc72.com\/vtc-matin-le-mans-transfert-aube\/#breadcrumb"},"inLanguage":"en-US","potentialAction":[{"@type":"ReadAction","target":["https:\/\/www.allovtc72.com\/vtc-matin-le-mans-transfert-aube\/"]}]},{"@type":"ImageObject","inLanguage":"en-US","@id":"https:\/\/www.allovtc72.com\/vtc-matin-le-mans-transfert-aube\/#primaryimage","url":"https:\/\/www.allovtc72.com\/wp-content\/uploads\/2026\/08\/vtc-matin-le-mans-transfert-aube.webp","contentUrl":"https:\/\/www.allovtc72.com\/wp-content\/uploads\/2026\/08\/vtc-matin-le-mans-transfert-aube.webp","width":1376,"height":768,"caption":"Votre VTC le matin au Mans : partez \u00e0 l'aube en toute s\u00e9r\u00e9nit\u00e9"},{"@type":"BreadcrumbList","@id":"https:\/\/www.allovtc72.com\/vtc-matin-le-mans-transfert-aube\/#breadcrumb","itemListElement":[{"@type":"ListItem","position":1,"name":"Accueil","item":"https:\/\/www.allovtc72.com\/"},{"@type":"ListItem","position":2,"name":"Votre VTC le matin au Mans : partez \u00e0 l&#8217;aube en toute s\u00e9r\u00e9nit\u00e9"}]},{"@type":"WebSite","@id":"https:\/\/www.allovtc72.com\/#website","url":"https:\/\/www.allovtc72.com\/","name":"AllOVTC72","description":"VTC, Chauffeur Priv\u00e9 &amp; Voiturier Premium au Mans, Sarthe (72)","publisher":{"@id":"https:\/\/www.allovtc72.com\/#organization"},"potentialAction":[{"@type":"SearchAction","target":{"@type":"EntryPoint","urlTemplate":"https:\/\/www.allovtc72.com\/?s={search_term_string}"},"query-input":{"@type":"PropertyValueSpecification","valueRequired":true,"valueName":"search_term_string"}}],"inLanguage":"en-US"},{"@type":"Organization","@id":"https:\/\/www.allovtc72.com\/#organization","name":"AllOVTC72","url":"https:\/\/www.allovtc72.com\/","logo":{"@type":"ImageObject","inLanguage":"en-US","@id":"https:\/\/www.allovtc72.com\/#\/schema\/logo\/image\/","url":"https:\/\/www.allovtc72.com\/wp-content\/uploads\/2026\/05\/av-logo.png","contentUrl":"https:\/\/www.allovtc72.com\/wp-content\/uploads\/2026\/05\/av-logo.png","width":300,"height":218,"caption":"AllOVTC72"},"image":{"@id":"https:\/\/www.allovtc72.com\/#\/schema\/logo\/image\/"}},{"@type":"Person","@id":"https:\/\/www.allovtc72.com\/#\/schema\/person\/c1ea9512bed8aa1fd628b3fdd15c9cd7","name":"AllOVTC72","image":{"@type":"ImageObject","inLanguage":"en-US","@id":"https:\/\/secure.gravatar.com\/avatar\/a532ea57c933353f1af20a4b6eb4c0f0c1edca61047ca3f263c7bce7f963ba21?s=96&d=mm&r=g","url":"https:\/\/secure.gravatar.com\/avatar\/a532ea57c933353f1af20a4b6eb4c0f0c1edca61047ca3f263c7bce7f963ba21?s=96&d=mm&r=g","contentUrl":"https:\/\/secure.gravatar.com\/avatar\/a532ea57c933353f1af20a4b6eb4c0f0c1edca61047ca3f263c7bce7f963ba21?s=96&d=mm&r=g","caption":"AllOVTC72"},"sameAs":["https:\/\/www.allovtc72.com"],"url":"https:\/\/www.allovtc72.com\/en\/author\/admin\/"}]}},"_links":{"self":[{"href":"https:\/\/www.allovtc72.com\/en\/wp-json\/wp\/v2\/posts\/265","targetHints":{"allow":["GET"]}}],"collection":[{"href":"https:\/\/www.allovtc72.com\/en\/wp-json\/wp\/v2\/posts"}],"about":[{"href":"https:\/\/www.allovtc72.com\/en\/wp-json\/wp\/v2\/types\/post"}],"author":[{"embeddable":true,"href":"https:\/\/www.allovtc72.com\/en\/wp-json\/wp\/v2\/users\/1"}],"replies":[{"embeddable":true,"href":"https:\/\/www.allovtc72.com\/en\/wp-json\/wp\/v2\/comments?post=265"}],"version-history":[{"count":0,"href":"https:\/\/www.allovtc72.com\/en\/wp-json\/wp\/v2\/posts\/265\/revisions"}],"wp:featuredmedia":[{"embeddable":true,"href":"https:\/\/www.allovtc72.com\/en\/wp-json\/wp\/v2\/media\/266"}],"wp:attachment":[{"href":"https:\/\/www.allovtc72.com\/en\/wp-json\/wp\/v2\/media?parent=265"}],"wp:term":[{"taxonomy":"category","embeddable":true,"href":"https:\/\/www.allovtc72.com\/en\/wp-json\/wp\/v2\/categories?post=265"},{"taxonomy":"post_tag","embeddable":true,"href":"https:\/\/www.allovtc72.com\/en\/wp-json\/wp\/v2\/tags?post=265"}],"curies":[{"name":"wp","href":"https:\/\/api.w.org\/{rel}","templated":true}]}}