{"id":257,"date":"2026-07-31T10:30:38","date_gmt":"2026-07-31T08:30:38","guid":{"rendered":"https:\/\/www.allovtc72.com\/vtc-entreprise-le-mans-compte-professionnel\/"},"modified":"2026-07-31T10:30:38","modified_gmt":"2026-07-31T08:30:38","slug":"vtc-entreprise-le-mans-compte-professionnel","status":"publish","type":"post","link":"https:\/\/www.allovtc72.com\/en\/vtc-entreprise-le-mans-compte-professionnel\/","title":{"rendered":"Solution VTC pour Entreprise au Mans : Gestion Simplifi\u00e9e"},"content":{"rendered":"<p>La gestion des d\u00e9placements professionnels est un enjeu strat\u00e9gique pour toute entreprise au Mans. Entre les notes de frais \u00e0 traiter, la ponctualit\u00e9 \u00e0 garantir pour les rendez-vous importants et l&#8217;image de marque \u00e0 pr\u00e9server, les solutions de transport traditionnelles montrent vite leurs limites. C&#8217;est pourquoi AllOVTC72 a d\u00e9velopp\u00e9 une offre sur mesure pour les professionnels sarthois : un service <strong>VTC entreprise au Mans<\/strong> qui allie flexibilit\u00e9, fiabilit\u00e9 et simplicit\u00e9 administrative gr\u00e2ce \u00e0 la mise en place d&#8217;un compte client d\u00e9di\u00e9 et \u00e0 la gestion optimis\u00e9e de vos trajets r\u00e9currents.<\/p>\n<h2>Pourquoi opter pour un service VTC entreprise au Mans ?<\/h2>\n<p>Choisir un partenaire de transport d\u00e9di\u00e9 pour votre soci\u00e9t\u00e9, c&#8217;est faire le choix de la s\u00e9r\u00e9nit\u00e9 et de l&#8217;efficacit\u00e9. Contrairement aux solutions de transport ponctuelles, un service VTC professionnel vous garantit un niveau de prestation constant et une compr\u00e9hension fine de vos imp\u00e9ratifs. La ponctualit\u00e9 n&#8217;est plus une option, mais une garantie. L&#8217;accueil de vos clients, partenaires ou collaborateurs se fait dans des conditions optimales, \u00e0 bord de v\u00e9hicules confortables et entretenus, contribuant directement \u00e0 l&#8217;image positive de votre entreprise. De plus, faire appel \u00e0 un <a href=\"\/chauffeur-prive-le-mans\/\">chauffeur priv\u00e9 au Mans<\/a>, c&#8217;est s&#8217;assurer de la discr\u00e9tion et du professionnalisme d&#8217;un interlocuteur habitu\u00e9 aux exigences du monde des affaires. Vos \u00e9quipes peuvent ainsi mettre \u00e0 profit leur temps de trajet pour se d\u00e9tendre ou pr\u00e9parer une r\u00e9union, dans un environnement calme et propice \u00e0 la concentration.<\/p>\n<h2>La gestion simplifi\u00e9e gr\u00e2ce au compte client professionnel<\/h2>\n<p>Le c\u0153ur de notre offre VTC pour entreprise r\u00e9side dans la simplification de vos processus. Fini la multiplication des sources de paiement et la collecte fastidieuse des justificatifs. Le compte client professionnel centralise l&#8217;ensemble de vos besoins de mobilit\u00e9.<\/p>\n<h3>Facturation centralis\u00e9e et reporting d\u00e9taill\u00e9<\/h3>\n<p>Avec un compte entreprise, vous recevez une facture unique et d\u00e9taill\u00e9e en fin de mois, r\u00e9capitulant l&#8217;ensemble des courses effectu\u00e9es par vos collaborateurs. Chaque trajet est clairement identifi\u00e9 (date, heure, passager, itin\u00e9raire), offrant une tra\u00e7abilit\u00e9 parfaite et un suivi budg\u00e9taire ma\u00eetris\u00e9. Cette transparence facilite grandement le travail de votre service comptable et vous donne une vision claire de vos d\u00e9penses de transport.<\/p>\n<h3>R\u00e9servation facile pour vos collaborateurs et visiteurs<\/h3>\n<p>Vos \u00e9quipes autoris\u00e9es peuvent r\u00e9server leurs trajets en toute autonomie selon les modalit\u00e9s que nous d\u00e9finissons ensemble. Vous devez accueillir un client important \u00e0 la Gare du Mans ? Planifiez sa prise en charge en quelques instants. Un dirigeant doit se rendre \u00e0 un rendez-vous \u00e0 l&#8217;autre bout de la Sarthe ? La r\u00e9servation est simple et la prestation est directement imput\u00e9e au compte de l&#8217;entreprise. Vous gardez le contr\u00f4le tout en offrant de la flexibilit\u00e9 \u00e0 vos \u00e9quipes.<\/p>\n<h3>Un interlocuteur unique pour tous vos besoins<\/h3>\n<p>En choisissant AllOVTC72, vous b\u00e9n\u00e9ficiez d&#8217;un contact privil\u00e9gi\u00e9 pour organiser tous vos d\u00e9placements. Nous apprenons \u00e0 conna\u00eetre vos habitudes, vos pr\u00e9f\u00e9rences et vos lieux de passage fr\u00e9quents pour vous offrir un service toujours plus personnalis\u00e9 et r\u00e9actif.<\/p>\n<h2>Planifiez vos trajets r\u00e9currents en toute s\u00e9r\u00e9nit\u00e9<\/h2>\n<p>Le service <strong>VTC entreprise Le Mans<\/strong> prend tout son sens dans la gestion des d\u00e9placements r\u00e9guliers. Votre entreprise a des besoins r\u00e9currents ? Nous mettons en place un planning sur mesure pour y r\u00e9pondre sans que vous ayez \u00e0 y penser.<\/p>\n<ul>\n<li><strong>Navettes quotidiennes :<\/strong> Assurez le transport d&#8217;un ou plusieurs collaborateurs entre leur domicile et vos locaux.<\/li>\n<li><strong>Transferts hebdomadaires vers la gare :<\/strong> Un cadre doit prendre le TGV chaque lundi matin ? Son chauffeur l&#8217;attend \u00e0 l&#8217;heure convenue, sans faute.<\/li>\n<li><strong>Liaisons a\u00e9roportuaires :<\/strong> Planifiez \u00e0 l&#8217;avance les transferts vers les a\u00e9roports de Paris-CDG, Orly ou Nantes pour vos voyages d&#8217;affaires.<\/li>\n<\/ul>\n<p>En syst\u00e9matisant ces trajets, vous garantissez une ponctualit\u00e9 sans faille et lib\u00e9rez vos collaborateurs de tout le stress li\u00e9 \u00e0 l&#8217;organisation de leurs d\u00e9placements. Ils peuvent compter sur un service fiable qui fait partie int\u00e9grante de leur routine professionnelle.<\/p>\n<h2>Un service VTC flexible pour tous les \u00e9v\u00e9nements professionnels<\/h2>\n<p>Au-del\u00e0 des trajets du quotidien, notre expertise s&#8217;\u00e9tend \u00e0 la logistique de transport pour tous vos \u00e9v\u00e9nements d&#8217;entreprise. Qu&#8217;il s&#8217;agisse d&#8217;un s\u00e9minaire, d&#8217;un congr\u00e8s, d&#8217;un lancement de produit ou d&#8217;un d\u00eener d&#8217;affaires, nous coordonnons les d\u00e9placements de vos participants. Nous pouvons par exemple organiser le <a href=\"\/transport-seminaire-sarthe\/\">transport de s\u00e9minaire en Sarthe<\/a> en acheminant vos invit\u00e9s depuis la gare jusqu&#8217;au lieu de l&#8217;\u00e9v\u00e9nement. Pour des besoins sp\u00e9cifiques, comme le transport de petites \u00e9quipes, notre service de <a href=\"\/transport-van-le-mans\/\">van avec chauffeur<\/a> peut accueillir confortablement plusieurs passagers et leurs bagages.<\/p>\n<h2>Questions fr\u00e9quentes sur notre service VTC pour entreprise<\/h2>\n<h3>Comment ouvrir un compte entreprise chez AllOVTC72 ?<\/h3>\n<p>La d\u00e9marche est tr\u00e8s simple. Il vous suffit de nous contacter pour discuter de vos besoins de mobilit\u00e9 professionnels. Nous \u00e9valuons ensemble la fr\u00e9quence et le type de trajets envisag\u00e9s, puis nous mettons en place votre compte client rapidement. Aucune proc\u00e9dure complexe, nous privil\u00e9gions un contact direct et efficace.<\/p>\n<h3>Quels types de v\u00e9hicules proposez-vous pour les professionnels ?<\/h3>\n<p>Notre flotte est compos\u00e9e de v\u00e9hicules adapt\u00e9s aux exigences du transport d&#8217;affaires. Nous proposons principalement des berlines haut de gamme, sobres et confortables, id\u00e9ales pour le transport d&#8217;une \u00e0 trois personnes. Pour les petits groupes, nous disposons \u00e9galement de vans spacieux pouvant accueillir davantage de passagers dans d&#8217;excellentes conditions de confort.<\/p>\n<h3>Comment la tarification fonctionne-t-elle pour un compte professionnel ?<\/h3>\n<p>La tarification est transparente et convenue \u00e0 l&#8217;avance. Elle d\u00e9pend de plusieurs facteurs comme la distance, la dur\u00e9e du trajet, le type de v\u00e9hicule choisi et les services optionnels (attente, mise \u00e0 disposition). L&#8217;avantage principal du compte entreprise est la facturation mensuelle centralis\u00e9e, qui vous \u00e9vite de g\u00e9rer les paiements \u00e0 chaque course. Pour une estimation pr\u00e9cise, nous vous invitons \u00e0 nous contacter pour obtenir un devis personnalis\u00e9.<\/p>\n<p>Pr\u00eat \u00e0 optimiser la gestion des d\u00e9placements de votre entreprise et \u00e0 offrir un service de transport premium \u00e0 vos collaborateurs et clients ? Contactez AllOVTC72 d\u00e8s aujourd&#8217;hui au <strong>06 82 32 97 37<\/strong> ou utilisez notre syst\u00e8me de <a href=\"\/reservation-chauffeur-vtc\/\">r\u00e9servation en ligne<\/a> pour discuter de l&#8217;ouverture de votre compte professionnel. Faisons route ensemble vers l&#8217;efficacit\u00e9.<\/p>\n","protected":false},"excerpt":{"rendered":"<p>Simplifiez la gestion des d\u00e9placements professionnels au Mans avec notre service VTC entreprise. Profitez d&#8217;un compte client, d&#8217;une facturation centralis\u00e9e et de la planification de vos trajets r\u00e9currents.<\/p>\n","protected":false},"author":1,"featured_media":258,"comment_status":"open","ping_status":"open","sticky":false,"template":"","format":"standard","meta":{"footnotes":""},"categories":[3],"tags":[],"class_list":["post-257","post","type-post","status-publish","format-standard","has-post-thumbnail","hentry","category-conseils-voyage"],"yoast_head":"<!-- This site is optimized with the Yoast SEO plugin v27.5 - https:\/\/yoast.com\/product\/yoast-seo-wordpress\/ -->\n<title>VTC Entreprise Le Mans : Compte Pro &amp; Trajets - AllOVTC72<\/title>\n<meta name=\"description\" content=\"Optimisez les d\u00e9placements de votre soci\u00e9t\u00e9 au Mans. D\u00e9couvrez notre service VTC entreprise : compte client, facturation centralis\u00e9e et gestion des trajets.\" \/>\n<meta name=\"robots\" content=\"index, follow, max-snippet:-1, max-image-preview:large, max-video-preview:-1\" \/>\n<link rel=\"canonical\" href=\"https:\/\/www.allovtc72.com\/en\/\" \/>\n<meta property=\"og:locale\" content=\"en_US\" \/>\n<meta property=\"og:type\" content=\"article\" \/>\n<meta property=\"og:title\" content=\"VTC Entreprise Le Mans : Compte Pro &amp; Trajets - AllOVTC72\" \/>\n<meta property=\"og:description\" content=\"Optimisez les d\u00e9placements de votre soci\u00e9t\u00e9 au Mans. D\u00e9couvrez notre service VTC entreprise : compte client, facturation centralis\u00e9e et gestion des trajets.\" \/>\n<meta property=\"og:url\" content=\"https:\/\/www.allovtc72.com\/vtc-entreprise-le-mans-compte-professionnel\/\" \/>\n<meta property=\"og:site_name\" content=\"AllOVTC72\" \/>\n<meta property=\"article:published_time\" content=\"2026-07-31T08:30:38+00:00\" \/>\n<meta property=\"og:image\" content=\"https:\/\/www.allovtc72.com\/wp-content\/uploads\/2026\/07\/vtc-entreprise-le-mans-compte-professionnel.webp\" \/>\n\t<meta property=\"og:image:width\" content=\"1376\" \/>\n\t<meta property=\"og:image:height\" content=\"768\" \/>\n\t<meta property=\"og:image:type\" content=\"image\/webp\" \/>\n<meta name=\"author\" content=\"AllOVTC72\" \/>\n<meta name=\"twitter:card\" content=\"summary_large_image\" \/>\n<meta name=\"twitter:label1\" content=\"Written by\" \/>\n\t<meta name=\"twitter:data1\" content=\"AllOVTC72\" \/>\n\t<meta name=\"twitter:label2\" content=\"Est. reading time\" \/>\n\t<meta name=\"twitter:data2\" content=\"5 minutes\" \/>\n<script type=\"application\/ld+json\" class=\"yoast-schema-graph\">{\"@context\":\"https:\\\/\\\/schema.org\",\"@graph\":[{\"@type\":\"Article\",\"@id\":\"https:\\\/\\\/www.allovtc72.com\\\/vtc-entreprise-le-mans-compte-professionnel\\\/#article\",\"isPartOf\":{\"@id\":\"https:\\\/\\\/www.allovtc72.com\\\/vtc-entreprise-le-mans-compte-professionnel\\\/\"},\"author\":{\"name\":\"AllOVTC72\",\"@id\":\"https:\\\/\\\/www.allovtc72.com\\\/#\\\/schema\\\/person\\\/c1ea9512bed8aa1fd628b3fdd15c9cd7\"},\"headline\":\"Solution VTC pour Entreprise au Mans : Gestion Simplifi\u00e9e\",\"datePublished\":\"2026-07-31T08:30:38+00:00\",\"mainEntityOfPage\":{\"@id\":\"https:\\\/\\\/www.allovtc72.com\\\/vtc-entreprise-le-mans-compte-professionnel\\\/\"},\"wordCount\":1077,\"commentCount\":0,\"publisher\":{\"@id\":\"https:\\\/\\\/www.allovtc72.com\\\/#organization\"},\"image\":{\"@id\":\"https:\\\/\\\/www.allovtc72.com\\\/vtc-entreprise-le-mans-compte-professionnel\\\/#primaryimage\"},\"thumbnailUrl\":\"https:\\\/\\\/www.allovtc72.com\\\/wp-content\\\/uploads\\\/2026\\\/07\\\/vtc-entreprise-le-mans-compte-professionnel.webp\",\"articleSection\":[\"Conseils Voyage\"],\"inLanguage\":\"en-US\",\"potentialAction\":[{\"@type\":\"CommentAction\",\"name\":\"Comment\",\"target\":[\"https:\\\/\\\/www.allovtc72.com\\\/vtc-entreprise-le-mans-compte-professionnel\\\/#respond\"]}]},{\"@type\":\"WebPage\",\"@id\":\"https:\\\/\\\/www.allovtc72.com\\\/vtc-entreprise-le-mans-compte-professionnel\\\/\",\"url\":\"https:\\\/\\\/www.allovtc72.com\\\/vtc-entreprise-le-mans-compte-professionnel\\\/\",\"name\":\"VTC Entreprise Le Mans : Compte Pro & Trajets - AllOVTC72\",\"isPartOf\":{\"@id\":\"https:\\\/\\\/www.allovtc72.com\\\/#website\"},\"primaryImageOfPage\":{\"@id\":\"https:\\\/\\\/www.allovtc72.com\\\/vtc-entreprise-le-mans-compte-professionnel\\\/#primaryimage\"},\"image\":{\"@id\":\"https:\\\/\\\/www.allovtc72.com\\\/vtc-entreprise-le-mans-compte-professionnel\\\/#primaryimage\"},\"thumbnailUrl\":\"https:\\\/\\\/www.allovtc72.com\\\/wp-content\\\/uploads\\\/2026\\\/07\\\/vtc-entreprise-le-mans-compte-professionnel.webp\",\"datePublished\":\"2026-07-31T08:30:38+00:00\",\"description\":\"Optimisez les d\u00e9placements de votre soci\u00e9t\u00e9 au Mans. D\u00e9couvrez notre service VTC entreprise : compte client, facturation centralis\u00e9e et gestion des trajets.\",\"breadcrumb\":{\"@id\":\"https:\\\/\\\/www.allovtc72.com\\\/vtc-entreprise-le-mans-compte-professionnel\\\/#breadcrumb\"},\"inLanguage\":\"en-US\",\"potentialAction\":[{\"@type\":\"ReadAction\",\"target\":[\"https:\\\/\\\/www.allovtc72.com\\\/vtc-entreprise-le-mans-compte-professionnel\\\/\"]}]},{\"@type\":\"ImageObject\",\"inLanguage\":\"en-US\",\"@id\":\"https:\\\/\\\/www.allovtc72.com\\\/vtc-entreprise-le-mans-compte-professionnel\\\/#primaryimage\",\"url\":\"https:\\\/\\\/www.allovtc72.com\\\/wp-content\\\/uploads\\\/2026\\\/07\\\/vtc-entreprise-le-mans-compte-professionnel.webp\",\"contentUrl\":\"https:\\\/\\\/www.allovtc72.com\\\/wp-content\\\/uploads\\\/2026\\\/07\\\/vtc-entreprise-le-mans-compte-professionnel.webp\",\"width\":1376,\"height\":768,\"caption\":\"Solution VTC pour Entreprise au Mans : Gestion Simplifi\u00e9e\"},{\"@type\":\"BreadcrumbList\",\"@id\":\"https:\\\/\\\/www.allovtc72.com\\\/vtc-entreprise-le-mans-compte-professionnel\\\/#breadcrumb\",\"itemListElement\":[{\"@type\":\"ListItem\",\"position\":1,\"name\":\"Accueil\",\"item\":\"https:\\\/\\\/www.allovtc72.com\\\/\"},{\"@type\":\"ListItem\",\"position\":2,\"name\":\"Solution VTC pour Entreprise au Mans : Gestion Simplifi\u00e9e\"}]},{\"@type\":\"WebSite\",\"@id\":\"https:\\\/\\\/www.allovtc72.com\\\/#website\",\"url\":\"https:\\\/\\\/www.allovtc72.com\\\/\",\"name\":\"AllOVTC72\",\"description\":\"VTC, Chauffeur Priv\u00e9 &amp; Voiturier Premium au Mans, Sarthe (72)\",\"publisher\":{\"@id\":\"https:\\\/\\\/www.allovtc72.com\\\/#organization\"},\"potentialAction\":[{\"@type\":\"SearchAction\",\"target\":{\"@type\":\"EntryPoint\",\"urlTemplate\":\"https:\\\/\\\/www.allovtc72.com\\\/?s={search_term_string}\"},\"query-input\":{\"@type\":\"PropertyValueSpecification\",\"valueRequired\":true,\"valueName\":\"search_term_string\"}}],\"inLanguage\":\"en-US\"},{\"@type\":\"Organization\",\"@id\":\"https:\\\/\\\/www.allovtc72.com\\\/#organization\",\"name\":\"AllOVTC72\",\"url\":\"https:\\\/\\\/www.allovtc72.com\\\/\",\"logo\":{\"@type\":\"ImageObject\",\"inLanguage\":\"en-US\",\"@id\":\"https:\\\/\\\/www.allovtc72.com\\\/#\\\/schema\\\/logo\\\/image\\\/\",\"url\":\"https:\\\/\\\/www.allovtc72.com\\\/wp-content\\\/uploads\\\/2026\\\/05\\\/av-logo.png\",\"contentUrl\":\"https:\\\/\\\/www.allovtc72.com\\\/wp-content\\\/uploads\\\/2026\\\/05\\\/av-logo.png\",\"width\":300,\"height\":218,\"caption\":\"AllOVTC72\"},\"image\":{\"@id\":\"https:\\\/\\\/www.allovtc72.com\\\/#\\\/schema\\\/logo\\\/image\\\/\"}},{\"@type\":\"Person\",\"@id\":\"https:\\\/\\\/www.allovtc72.com\\\/#\\\/schema\\\/person\\\/c1ea9512bed8aa1fd628b3fdd15c9cd7\",\"name\":\"AllOVTC72\",\"image\":{\"@type\":\"ImageObject\",\"inLanguage\":\"en-US\",\"@id\":\"https:\\\/\\\/secure.gravatar.com\\\/avatar\\\/a532ea57c933353f1af20a4b6eb4c0f0c1edca61047ca3f263c7bce7f963ba21?s=96&d=mm&r=g\",\"url\":\"https:\\\/\\\/secure.gravatar.com\\\/avatar\\\/a532ea57c933353f1af20a4b6eb4c0f0c1edca61047ca3f263c7bce7f963ba21?s=96&d=mm&r=g\",\"contentUrl\":\"https:\\\/\\\/secure.gravatar.com\\\/avatar\\\/a532ea57c933353f1af20a4b6eb4c0f0c1edca61047ca3f263c7bce7f963ba21?s=96&d=mm&r=g\",\"caption\":\"AllOVTC72\"},\"sameAs\":[\"https:\\\/\\\/www.allovtc72.com\"],\"url\":\"https:\\\/\\\/www.allovtc72.com\\\/en\\\/author\\\/admin\\\/\"}]}<\/script>\n<!-- \/ Yoast SEO plugin. -->","yoast_head_json":{"title":"VTC Entreprise Le Mans : Compte Pro & Trajets - AllOVTC72","description":"Optimisez les d\u00e9placements de votre soci\u00e9t\u00e9 au Mans. D\u00e9couvrez notre service VTC entreprise : compte client, facturation centralis\u00e9e et gestion des trajets.","robots":{"index":"index","follow":"follow","max-snippet":"max-snippet:-1","max-image-preview":"max-image-preview:large","max-video-preview":"max-video-preview:-1"},"canonical":"https:\/\/www.allovtc72.com\/en\/","og_locale":"en_US","og_type":"article","og_title":"VTC Entreprise Le Mans : Compte Pro & Trajets - AllOVTC72","og_description":"Optimisez les d\u00e9placements de votre soci\u00e9t\u00e9 au Mans. D\u00e9couvrez notre service VTC entreprise : compte client, facturation centralis\u00e9e et gestion des trajets.","og_url":"https:\/\/www.allovtc72.com\/vtc-entreprise-le-mans-compte-professionnel\/","og_site_name":"AllOVTC72","article_published_time":"2026-07-31T08:30:38+00:00","og_image":[{"width":1376,"height":768,"url":"https:\/\/www.allovtc72.com\/wp-content\/uploads\/2026\/07\/vtc-entreprise-le-mans-compte-professionnel.webp","type":"image\/webp"}],"author":"AllOVTC72","twitter_card":"summary_large_image","twitter_misc":{"Written by":"AllOVTC72","Est. reading time":"5 minutes"},"schema":{"@context":"https:\/\/schema.org","@graph":[{"@type":"Article","@id":"https:\/\/www.allovtc72.com\/vtc-entreprise-le-mans-compte-professionnel\/#article","isPartOf":{"@id":"https:\/\/www.allovtc72.com\/vtc-entreprise-le-mans-compte-professionnel\/"},"author":{"name":"AllOVTC72","@id":"https:\/\/www.allovtc72.com\/#\/schema\/person\/c1ea9512bed8aa1fd628b3fdd15c9cd7"},"headline":"Solution VTC pour Entreprise au Mans : Gestion Simplifi\u00e9e","datePublished":"2026-07-31T08:30:38+00:00","mainEntityOfPage":{"@id":"https:\/\/www.allovtc72.com\/vtc-entreprise-le-mans-compte-professionnel\/"},"wordCount":1077,"commentCount":0,"publisher":{"@id":"https:\/\/www.allovtc72.com\/#organization"},"image":{"@id":"https:\/\/www.allovtc72.com\/vtc-entreprise-le-mans-compte-professionnel\/#primaryimage"},"thumbnailUrl":"https:\/\/www.allovtc72.com\/wp-content\/uploads\/2026\/07\/vtc-entreprise-le-mans-compte-professionnel.webp","articleSection":["Conseils Voyage"],"inLanguage":"en-US","potentialAction":[{"@type":"CommentAction","name":"Comment","target":["https:\/\/www.allovtc72.com\/vtc-entreprise-le-mans-compte-professionnel\/#respond"]}]},{"@type":"WebPage","@id":"https:\/\/www.allovtc72.com\/vtc-entreprise-le-mans-compte-professionnel\/","url":"https:\/\/www.allovtc72.com\/vtc-entreprise-le-mans-compte-professionnel\/","name":"VTC Entreprise Le Mans : Compte Pro & Trajets - AllOVTC72","isPartOf":{"@id":"https:\/\/www.allovtc72.com\/#website"},"primaryImageOfPage":{"@id":"https:\/\/www.allovtc72.com\/vtc-entreprise-le-mans-compte-professionnel\/#primaryimage"},"image":{"@id":"https:\/\/www.allovtc72.com\/vtc-entreprise-le-mans-compte-professionnel\/#primaryimage"},"thumbnailUrl":"https:\/\/www.allovtc72.com\/wp-content\/uploads\/2026\/07\/vtc-entreprise-le-mans-compte-professionnel.webp","datePublished":"2026-07-31T08:30:38+00:00","description":"Optimisez les d\u00e9placements de votre soci\u00e9t\u00e9 au Mans. D\u00e9couvrez notre service VTC entreprise : compte client, facturation centralis\u00e9e et gestion des trajets.","breadcrumb":{"@id":"https:\/\/www.allovtc72.com\/vtc-entreprise-le-mans-compte-professionnel\/#breadcrumb"},"inLanguage":"en-US","potentialAction":[{"@type":"ReadAction","target":["https:\/\/www.allovtc72.com\/vtc-entreprise-le-mans-compte-professionnel\/"]}]},{"@type":"ImageObject","inLanguage":"en-US","@id":"https:\/\/www.allovtc72.com\/vtc-entreprise-le-mans-compte-professionnel\/#primaryimage","url":"https:\/\/www.allovtc72.com\/wp-content\/uploads\/2026\/07\/vtc-entreprise-le-mans-compte-professionnel.webp","contentUrl":"https:\/\/www.allovtc72.com\/wp-content\/uploads\/2026\/07\/vtc-entreprise-le-mans-compte-professionnel.webp","width":1376,"height":768,"caption":"Solution VTC pour Entreprise au Mans : Gestion Simplifi\u00e9e"},{"@type":"BreadcrumbList","@id":"https:\/\/www.allovtc72.com\/vtc-entreprise-le-mans-compte-professionnel\/#breadcrumb","itemListElement":[{"@type":"ListItem","position":1,"name":"Accueil","item":"https:\/\/www.allovtc72.com\/"},{"@type":"ListItem","position":2,"name":"Solution VTC pour Entreprise au Mans : Gestion Simplifi\u00e9e"}]},{"@type":"WebSite","@id":"https:\/\/www.allovtc72.com\/#website","url":"https:\/\/www.allovtc72.com\/","name":"AllOVTC72","description":"VTC, Chauffeur Priv\u00e9 &amp; Voiturier Premium au Mans, Sarthe (72)","publisher":{"@id":"https:\/\/www.allovtc72.com\/#organization"},"potentialAction":[{"@type":"SearchAction","target":{"@type":"EntryPoint","urlTemplate":"https:\/\/www.allovtc72.com\/?s={search_term_string}"},"query-input":{"@type":"PropertyValueSpecification","valueRequired":true,"valueName":"search_term_string"}}],"inLanguage":"en-US"},{"@type":"Organization","@id":"https:\/\/www.allovtc72.com\/#organization","name":"AllOVTC72","url":"https:\/\/www.allovtc72.com\/","logo":{"@type":"ImageObject","inLanguage":"en-US","@id":"https:\/\/www.allovtc72.com\/#\/schema\/logo\/image\/","url":"https:\/\/www.allovtc72.com\/wp-content\/uploads\/2026\/05\/av-logo.png","contentUrl":"https:\/\/www.allovtc72.com\/wp-content\/uploads\/2026\/05\/av-logo.png","width":300,"height":218,"caption":"AllOVTC72"},"image":{"@id":"https:\/\/www.allovtc72.com\/#\/schema\/logo\/image\/"}},{"@type":"Person","@id":"https:\/\/www.allovtc72.com\/#\/schema\/person\/c1ea9512bed8aa1fd628b3fdd15c9cd7","name":"AllOVTC72","image":{"@type":"ImageObject","inLanguage":"en-US","@id":"https:\/\/secure.gravatar.com\/avatar\/a532ea57c933353f1af20a4b6eb4c0f0c1edca61047ca3f263c7bce7f963ba21?s=96&d=mm&r=g","url":"https:\/\/secure.gravatar.com\/avatar\/a532ea57c933353f1af20a4b6eb4c0f0c1edca61047ca3f263c7bce7f963ba21?s=96&d=mm&r=g","contentUrl":"https:\/\/secure.gravatar.com\/avatar\/a532ea57c933353f1af20a4b6eb4c0f0c1edca61047ca3f263c7bce7f963ba21?s=96&d=mm&r=g","caption":"AllOVTC72"},"sameAs":["https:\/\/www.allovtc72.com"],"url":"https:\/\/www.allovtc72.com\/en\/author\/admin\/"}]}},"_links":{"self":[{"href":"https:\/\/www.allovtc72.com\/en\/wp-json\/wp\/v2\/posts\/257","targetHints":{"allow":["GET"]}}],"collection":[{"href":"https:\/\/www.allovtc72.com\/en\/wp-json\/wp\/v2\/posts"}],"about":[{"href":"https:\/\/www.allovtc72.com\/en\/wp-json\/wp\/v2\/types\/post"}],"author":[{"embeddable":true,"href":"https:\/\/www.allovtc72.com\/en\/wp-json\/wp\/v2\/users\/1"}],"replies":[{"embeddable":true,"href":"https:\/\/www.allovtc72.com\/en\/wp-json\/wp\/v2\/comments?post=257"}],"version-history":[{"count":0,"href":"https:\/\/www.allovtc72.com\/en\/wp-json\/wp\/v2\/posts\/257\/revisions"}],"wp:featuredmedia":[{"embeddable":true,"href":"https:\/\/www.allovtc72.com\/en\/wp-json\/wp\/v2\/media\/258"}],"wp:attachment":[{"href":"https:\/\/www.allovtc72.com\/en\/wp-json\/wp\/v2\/media?parent=257"}],"wp:term":[{"taxonomy":"category","embeddable":true,"href":"https:\/\/www.allovtc72.com\/en\/wp-json\/wp\/v2\/categories?post=257"},{"taxonomy":"post_tag","embeddable":true,"href":"https:\/\/www.allovtc72.com\/en\/wp-json\/wp\/v2\/tags?post=257"}],"curies":[{"name":"wp","href":"https:\/\/api.w.org\/{rel}","templated":true}]}}